{"id":1946,"date":"2022-07-04T15:39:17","date_gmt":"2022-07-04T13:39:17","guid":{"rendered":"https:\/\/fincaduernas.com\/?p=1946"},"modified":"2025-07-29T07:54:21","modified_gmt":"2025-07-29T07:54:21","slug":"tres-recetas-con-nuestro-de-aceite-de-oliva-arbequina","status":"publish","type":"post","link":"https:\/\/fincaduernas.com\/en\/tres-recetas-con-nuestro-de-aceite-de-oliva-arbequina","title":{"rendered":"Tres recetas con nuestro de aceite de oliva arbequina"},"content":{"rendered":"<p>Qui\u00e9n lo prob\u00f3 lo sabe: nuestro arbequina es diferente. Si bien el aceite de esta variedad de aceituna tan habitual de Catalu\u00f1a y Arag\u00f3n suele identificarse por ser dulce; el nuestro cuenta con personalidad propia.<\/p>\n\n\n\n<p>Y es que, por el cuidado del cultivo y nuestro clima, nuestro arbequina presenta un alto contenido en antioxidantes naturales. Esto provoca una dulce entrada en boca y un sorprendente largo retrogusto picante.<\/p>\n\n\n\n<p>Por sus particularidades, hoy te contamos tres recetas con nuestro de aceite de oliva arbequina que te encantar\u00e1n.<\/p>\n\n\n\n<p><\/p>\n\n\n\n<h2 class=\"wp-block-heading\">Salmorejo: \u00bfpor qu\u00e9 con arbequina?<\/h2>\n\n\n\n<p>Ap\u00fantatelo: nuestro arbequina tiene notas de tomatera. Por eso, llevar\u00e1 al siguiente nivel cualquier receta d\u00f3nde el tomate sea el protagonista.<\/p>\n\n\n\n<p>Y ya que nuestro aceite nace en C\u00f3rdoba, empezamos con una de las recetas imprescindibles de nuestra tierra: el salmorejo.<\/p>\n\n\n\n<p>Los ingredientes son:<\/p>\n\n\n\n<ul class=\"wp-block-list\"><li>1 kg. de tomates<\/li><li>200 grs. de pan (de telera cordobesa, a ser posible)<\/li><li>100 grs. de nuestro AOVE Oleum Arbequina<\/li><li>1 diente de ajo<\/li><li>10 grs. de sal&nbsp;<\/li><\/ul>\n\n\n\n<p>Tritura los tomates y a\u00f1adimos despu\u00e9s el pan, el ajo y la sal; y seguimos triturando. Una vez que est\u00e9, a\u00f1adimos el aceite de oliva al vaso de la batidora y batimos bien hasta obtener una textura suave y firme. Como acompa\u00f1amiento, podemos a\u00f1adir huevo duro y jam\u00f3n serrano picados.<\/p>\n\n\n\n<p><\/p>\n\n\n\n<h2 class=\"wp-block-heading\">Mayonesa de arbequina<\/h2>\n\n\n\n<p>Por su suavidad, el aceite de oliva virgen extra de la variedad arbequina es perfecto para elaborar mayonesa; sobre todo si la quieres para usarla en otras elaboraciones como ensaladillas.<\/p>\n\n\n\n<p>Necesitar\u00e1s:<\/p>\n\n\n\n<ul class=\"wp-block-list\"><li>3 huevos<\/li><li>1 cucharada de sal<\/li><li>1 cucharadita de mostaza Dijon (\u00a1s\u00ed, mostaza!)<\/li><li>1,5 taza de nuestro AOVE Oleum Arbequina<\/li><\/ul>\n\n\n\n<p>Pon todos los ingredientes menos en aceite en una licuadora o batidora de alta<\/p>\n\n\n\n<p>velocidad (siempre en un recipiente alto) durante 10 segundos y ve a\u00f1adiendo muy lentamente el AOVE.<\/p>\n\n\n\n<p>\u00bfEl resultado? Una mayonesa fluida, ligera y sabros\u00edsima.<\/p>\n\n\n\n<p><\/p>\n\n\n\n<h2 class=\"wp-block-heading\">Ensalada de aguacate<\/h2>\n\n\n\n<p>Nuestra \u00faltima receta, adem\u00e1s de riqu\u00edsima, es una bomba de \u00e1cidos grasos omega 3, 6 y 9. Y lo mejor, muy f\u00e1cil de hacer.<\/p>\n\n\n\n<p>Prepara:<\/p>\n\n\n\n<ul class=\"wp-block-list\"><li>4 tomates<\/li><li>2 aguacates<\/li><li>Unas hojas de albahaca fresca<\/li><li>1 diente de ajo<\/li><li>Una pizca de sal<\/li><li>AOVE Oleum Arbequina al gusto<\/li><li>Zumo de lim\u00f3n exprimido<\/li><\/ul>\n\n\n\n<p>Tan solo tendr\u00e1s que pelar y trocear los tomates y aguacates; a\u00f1adir la albahaca y el ajo bien picadito y una pizca de sal. Para el ali\u00f1o, combina el aceite con un chorreoncito de lim\u00f3n. Los aromas afrutados de nuestro arbequina le van que ni pintados a esta ensalada superrefrescante.<\/p>","protected":false},"excerpt":{"rendered":"<p>\u00bfEn qu\u00e9 se diferencian el aceite de oliva virgen del virgen extra? La clave est\u00e1 en la acidez.<\/p>","protected":false},"author":1,"featured_media":1947,"comment_status":"closed","ping_status":"open","sticky":false,"template":"","format":"standard","meta":{"footnotes":""},"categories":[17],"tags":[20,23,30,33,36,40],"class_list":["post-1946","post","type-post","status-publish","format-standard","has-post-thumbnail","hentry","category-noticias","tag-aceite-de-oliva-virgen-extra","tag-arbequina","tag-conservar-aceite","tag-envero","tag-finca-duernas","tag-picual"],"yoast_head":"<!-- This site is optimized with the Yoast SEO plugin v26.9 - https:\/\/yoast.com\/product\/yoast-seo-wordpress\/ -->\n<title>Tres recetas con nuestro de aceite de oliva arbequina - Finca Duernas<\/title>\n<meta name=\"description\" content=\"Salmorejo, mayonesa y ensalada de aguacate: tres recetas a las que nuestro AOVE arbequina les sienta muy bien.\" \/>\n<meta name=\"robots\" content=\"index, follow, max-snippet:-1, max-image-preview:large, max-video-preview:-1\" \/>\n<link rel=\"canonical\" href=\"https:\/\/fincaduernas.com\/en\/tres-recetas-con-nuestro-de-aceite-de-oliva-arbequina\/\" \/>\n<meta property=\"og:locale\" content=\"en_GB\" \/>\n<meta property=\"og:type\" content=\"article\" \/>\n<meta property=\"og:title\" content=\"Tres recetas con nuestro de aceite de oliva arbequina - Finca Duernas\" \/>\n<meta property=\"og:description\" content=\"Salmorejo, mayonesa y ensalada de aguacate: tres recetas a las que nuestro AOVE arbequina les sienta muy bien.\" \/>\n<meta property=\"og:url\" content=\"https:\/\/fincaduernas.com\/en\/tres-recetas-con-nuestro-de-aceite-de-oliva-arbequina\/\" \/>\n<meta property=\"og:site_name\" content=\"Finca Duernas\" \/>\n<meta property=\"article:published_time\" content=\"2022-07-04T13:39:17+00:00\" \/>\n<meta property=\"article:modified_time\" content=\"2025-07-29T07:54:21+00:00\" \/>\n<meta property=\"og:image\" content=\"https:\/\/fincaduernas.com\/wp-content\/uploads\/2022\/07\/Blog-Finca-Duernas.jpg\" \/>\n\t<meta property=\"og:image:width\" content=\"1920\" \/>\n\t<meta property=\"og:image:height\" content=\"1080\" \/>\n\t<meta property=\"og:image:type\" content=\"image\/jpeg\" \/>\n<meta name=\"author\" content=\"Duernas\" \/>\n<meta name=\"twitter:card\" content=\"summary_large_image\" \/>\n<meta name=\"twitter:title\" content=\"Tres recetas con nuestro de aceite de oliva arbequina - Finca Duernas\" \/>\n<meta name=\"twitter:description\" content=\"Salmorejo, mayonesa y ensalada de aguacate: tres recetas a las que nuestro AOVE arbequina les sienta muy bien.\" \/>\n<meta name=\"twitter:image\" content=\"https:\/\/fincaduernas.com\/wp-content\/uploads\/2022\/07\/Blog-Finca-Duernas.jpg\" \/>\n<meta name=\"twitter:label1\" content=\"Written by\" \/>\n\t<meta name=\"twitter:data1\" content=\"Duernas\" \/>\n\t<meta name=\"twitter:label2\" content=\"Estimated reading time\" \/>\n\t<meta name=\"twitter:data2\" content=\"2 minutes\" \/>\n<script type=\"application\/ld+json\" class=\"yoast-schema-graph\">{\"@context\":\"https:\/\/schema.org\",\"@graph\":[{\"@type\":\"Article\",\"@id\":\"https:\/\/fincaduernas.com\/tres-recetas-con-nuestro-de-aceite-de-oliva-arbequina#article\",\"isPartOf\":{\"@id\":\"https:\/\/fincaduernas.com\/tres-recetas-con-nuestro-de-aceite-de-oliva-arbequina\"},\"author\":{\"name\":\"Duernas\",\"@id\":\"https:\/\/fincaduernas.com\/#\/schema\/person\/119d79ab7689fe4da813a809bbe2ae6f\"},\"headline\":\"Tres recetas con nuestro de aceite de oliva arbequina\",\"datePublished\":\"2022-07-04T13:39:17+00:00\",\"dateModified\":\"2025-07-29T07:54:21+00:00\",\"mainEntityOfPage\":{\"@id\":\"https:\/\/fincaduernas.com\/tres-recetas-con-nuestro-de-aceite-de-oliva-arbequina\"},\"wordCount\":428,\"publisher\":{\"@id\":\"https:\/\/fincaduernas.com\/#organization\"},\"image\":{\"@id\":\"https:\/\/fincaduernas.com\/tres-recetas-con-nuestro-de-aceite-de-oliva-arbequina#primaryimage\"},\"thumbnailUrl\":\"https:\/\/fincaduernas.com\/wp-content\/uploads\/2022\/07\/Blog-Finca-Duernas.jpg\",\"keywords\":[\"aceite de oliva virgen extra\",\"arbequina\",\"conservar aceite\",\"envero\",\"Finca Duernas\",\"picual\"],\"articleSection\":[\"Noticias\"],\"inLanguage\":\"en-GB\"},{\"@type\":\"WebPage\",\"@id\":\"https:\/\/fincaduernas.com\/tres-recetas-con-nuestro-de-aceite-de-oliva-arbequina\",\"url\":\"https:\/\/fincaduernas.com\/tres-recetas-con-nuestro-de-aceite-de-oliva-arbequina\",\"name\":\"Tres recetas con nuestro de aceite de oliva arbequina - Finca Duernas\",\"isPartOf\":{\"@id\":\"https:\/\/fincaduernas.com\/#website\"},\"primaryImageOfPage\":{\"@id\":\"https:\/\/fincaduernas.com\/tres-recetas-con-nuestro-de-aceite-de-oliva-arbequina#primaryimage\"},\"image\":{\"@id\":\"https:\/\/fincaduernas.com\/tres-recetas-con-nuestro-de-aceite-de-oliva-arbequina#primaryimage\"},\"thumbnailUrl\":\"https:\/\/fincaduernas.com\/wp-content\/uploads\/2022\/07\/Blog-Finca-Duernas.jpg\",\"datePublished\":\"2022-07-04T13:39:17+00:00\",\"dateModified\":\"2025-07-29T07:54:21+00:00\",\"description\":\"Salmorejo, mayonesa y ensalada de aguacate: tres recetas a las que nuestro AOVE arbequina les sienta muy bien.\",\"breadcrumb\":{\"@id\":\"https:\/\/fincaduernas.com\/tres-recetas-con-nuestro-de-aceite-de-oliva-arbequina#breadcrumb\"},\"inLanguage\":\"en-GB\",\"potentialAction\":[{\"@type\":\"ReadAction\",\"target\":[\"https:\/\/fincaduernas.com\/tres-recetas-con-nuestro-de-aceite-de-oliva-arbequina\"]}]},{\"@type\":\"ImageObject\",\"inLanguage\":\"en-GB\",\"@id\":\"https:\/\/fincaduernas.com\/tres-recetas-con-nuestro-de-aceite-de-oliva-arbequina#primaryimage\",\"url\":\"https:\/\/fincaduernas.com\/wp-content\/uploads\/2022\/07\/Blog-Finca-Duernas.jpg\",\"contentUrl\":\"https:\/\/fincaduernas.com\/wp-content\/uploads\/2022\/07\/Blog-Finca-Duernas.jpg\",\"width\":1920,\"height\":1080,\"caption\":\"Tres recetas con nuestro de aceite de oliva arbequina\"},{\"@type\":\"BreadcrumbList\",\"@id\":\"https:\/\/fincaduernas.com\/tres-recetas-con-nuestro-de-aceite-de-oliva-arbequina#breadcrumb\",\"itemListElement\":[{\"@type\":\"ListItem\",\"position\":1,\"name\":\"Portada\",\"item\":\"https:\/\/fincaduernas.com\/\"},{\"@type\":\"ListItem\",\"position\":2,\"name\":\"Tres recetas con nuestro de aceite de oliva arbequina\"}]},{\"@type\":\"WebSite\",\"@id\":\"https:\/\/fincaduernas.com\/#website\",\"url\":\"https:\/\/fincaduernas.com\/\",\"name\":\"Finca Duernas\",\"description\":\"Aceite de Oliva Virgen Extra\",\"publisher\":{\"@id\":\"https:\/\/fincaduernas.com\/#organization\"},\"potentialAction\":[{\"@type\":\"SearchAction\",\"target\":{\"@type\":\"EntryPoint\",\"urlTemplate\":\"https:\/\/fincaduernas.com\/?s={search_term_string}\"},\"query-input\":{\"@type\":\"PropertyValueSpecification\",\"valueRequired\":true,\"valueName\":\"search_term_string\"}}],\"inLanguage\":\"en-GB\"},{\"@type\":\"Organization\",\"@id\":\"https:\/\/fincaduernas.com\/#organization\",\"name\":\"Finca Duernas\",\"url\":\"https:\/\/fincaduernas.com\/\",\"logo\":{\"@type\":\"ImageObject\",\"inLanguage\":\"en-GB\",\"@id\":\"https:\/\/fincaduernas.com\/#\/schema\/logo\/image\/\",\"url\":\"https:\/\/fincaduernas.com\/wp-content\/uploads\/2022\/09\/finca-duernas-logo.svg\",\"contentUrl\":\"https:\/\/fincaduernas.com\/wp-content\/uploads\/2022\/09\/finca-duernas-logo.svg\",\"width\":123,\"height\":31,\"caption\":\"Finca Duernas\"},\"image\":{\"@id\":\"https:\/\/fincaduernas.com\/#\/schema\/logo\/image\/\"}},{\"@type\":\"Person\",\"@id\":\"https:\/\/fincaduernas.com\/#\/schema\/person\/119d79ab7689fe4da813a809bbe2ae6f\",\"name\":\"Duernas\",\"image\":{\"@type\":\"ImageObject\",\"inLanguage\":\"en-GB\",\"@id\":\"https:\/\/fincaduernas.com\/#\/schema\/person\/image\/\",\"url\":\"https:\/\/secure.gravatar.com\/avatar\/f59e1f2288b2a09ab631c8a9809f75d3a2251d80d4212d92be6213f63bc58200?s=96&d=mm&r=g\",\"contentUrl\":\"https:\/\/secure.gravatar.com\/avatar\/f59e1f2288b2a09ab631c8a9809f75d3a2251d80d4212d92be6213f63bc58200?s=96&d=mm&r=g\",\"caption\":\"Duernas\"},\"sameAs\":[\"https:\/\/fincaduernas.com\"],\"url\":\"https:\/\/fincaduernas.com\/en\/author\/duernas\"}]}<\/script>\n<!-- \/ Yoast SEO plugin. -->","yoast_head_json":{"title":"Tres recetas con nuestro de aceite de oliva arbequina - Finca Duernas","description":"Salmorejo, mayonesa y ensalada de aguacate: tres recetas a las que nuestro AOVE arbequina les sienta muy bien.","robots":{"index":"index","follow":"follow","max-snippet":"max-snippet:-1","max-image-preview":"max-image-preview:large","max-video-preview":"max-video-preview:-1"},"canonical":"https:\/\/fincaduernas.com\/en\/tres-recetas-con-nuestro-de-aceite-de-oliva-arbequina\/","og_locale":"en_GB","og_type":"article","og_title":"Tres recetas con nuestro de aceite de oliva arbequina - Finca Duernas","og_description":"Salmorejo, mayonesa y ensalada de aguacate: tres recetas a las que nuestro AOVE arbequina les sienta muy bien.","og_url":"https:\/\/fincaduernas.com\/en\/tres-recetas-con-nuestro-de-aceite-de-oliva-arbequina\/","og_site_name":"Finca Duernas","article_published_time":"2022-07-04T13:39:17+00:00","article_modified_time":"2025-07-29T07:54:21+00:00","og_image":[{"width":1920,"height":1080,"url":"https:\/\/fincaduernas.com\/wp-content\/uploads\/2022\/07\/Blog-Finca-Duernas.jpg","type":"image\/jpeg"}],"author":"Duernas","twitter_card":"summary_large_image","twitter_title":"Tres recetas con nuestro de aceite de oliva arbequina - Finca Duernas","twitter_description":"Salmorejo, mayonesa y ensalada de aguacate: tres recetas a las que nuestro AOVE arbequina les sienta muy bien.","twitter_image":"https:\/\/fincaduernas.com\/wp-content\/uploads\/2022\/07\/Blog-Finca-Duernas.jpg","twitter_misc":{"Written by":"Duernas","Estimated reading time":"2 minutes"},"schema":{"@context":"https:\/\/schema.org","@graph":[{"@type":"Article","@id":"https:\/\/fincaduernas.com\/tres-recetas-con-nuestro-de-aceite-de-oliva-arbequina#article","isPartOf":{"@id":"https:\/\/fincaduernas.com\/tres-recetas-con-nuestro-de-aceite-de-oliva-arbequina"},"author":{"name":"Duernas","@id":"https:\/\/fincaduernas.com\/#\/schema\/person\/119d79ab7689fe4da813a809bbe2ae6f"},"headline":"Tres recetas con nuestro de aceite de oliva arbequina","datePublished":"2022-07-04T13:39:17+00:00","dateModified":"2025-07-29T07:54:21+00:00","mainEntityOfPage":{"@id":"https:\/\/fincaduernas.com\/tres-recetas-con-nuestro-de-aceite-de-oliva-arbequina"},"wordCount":428,"publisher":{"@id":"https:\/\/fincaduernas.com\/#organization"},"image":{"@id":"https:\/\/fincaduernas.com\/tres-recetas-con-nuestro-de-aceite-de-oliva-arbequina#primaryimage"},"thumbnailUrl":"https:\/\/fincaduernas.com\/wp-content\/uploads\/2022\/07\/Blog-Finca-Duernas.jpg","keywords":["aceite de oliva virgen extra","arbequina","conservar aceite","envero","Finca Duernas","picual"],"articleSection":["Noticias"],"inLanguage":"en-GB"},{"@type":"WebPage","@id":"https:\/\/fincaduernas.com\/tres-recetas-con-nuestro-de-aceite-de-oliva-arbequina","url":"https:\/\/fincaduernas.com\/tres-recetas-con-nuestro-de-aceite-de-oliva-arbequina","name":"Tres recetas con nuestro de aceite de oliva arbequina - Finca Duernas","isPartOf":{"@id":"https:\/\/fincaduernas.com\/#website"},"primaryImageOfPage":{"@id":"https:\/\/fincaduernas.com\/tres-recetas-con-nuestro-de-aceite-de-oliva-arbequina#primaryimage"},"image":{"@id":"https:\/\/fincaduernas.com\/tres-recetas-con-nuestro-de-aceite-de-oliva-arbequina#primaryimage"},"thumbnailUrl":"https:\/\/fincaduernas.com\/wp-content\/uploads\/2022\/07\/Blog-Finca-Duernas.jpg","datePublished":"2022-07-04T13:39:17+00:00","dateModified":"2025-07-29T07:54:21+00:00","description":"Salmorejo, mayonesa y ensalada de aguacate: tres recetas a las que nuestro AOVE arbequina les sienta muy bien.","breadcrumb":{"@id":"https:\/\/fincaduernas.com\/tres-recetas-con-nuestro-de-aceite-de-oliva-arbequina#breadcrumb"},"inLanguage":"en-GB","potentialAction":[{"@type":"ReadAction","target":["https:\/\/fincaduernas.com\/tres-recetas-con-nuestro-de-aceite-de-oliva-arbequina"]}]},{"@type":"ImageObject","inLanguage":"en-GB","@id":"https:\/\/fincaduernas.com\/tres-recetas-con-nuestro-de-aceite-de-oliva-arbequina#primaryimage","url":"https:\/\/fincaduernas.com\/wp-content\/uploads\/2022\/07\/Blog-Finca-Duernas.jpg","contentUrl":"https:\/\/fincaduernas.com\/wp-content\/uploads\/2022\/07\/Blog-Finca-Duernas.jpg","width":1920,"height":1080,"caption":"Tres recetas con nuestro de aceite de oliva arbequina"},{"@type":"BreadcrumbList","@id":"https:\/\/fincaduernas.com\/tres-recetas-con-nuestro-de-aceite-de-oliva-arbequina#breadcrumb","itemListElement":[{"@type":"ListItem","position":1,"name":"Portada","item":"https:\/\/fincaduernas.com\/"},{"@type":"ListItem","position":2,"name":"Tres recetas con nuestro de aceite de oliva arbequina"}]},{"@type":"WebSite","@id":"https:\/\/fincaduernas.com\/#website","url":"https:\/\/fincaduernas.com\/","name":"Finca Duernas","description":"Aceite de Oliva Virgen Extra","publisher":{"@id":"https:\/\/fincaduernas.com\/#organization"},"potentialAction":[{"@type":"SearchAction","target":{"@type":"EntryPoint","urlTemplate":"https:\/\/fincaduernas.com\/?s={search_term_string}"},"query-input":{"@type":"PropertyValueSpecification","valueRequired":true,"valueName":"search_term_string"}}],"inLanguage":"en-GB"},{"@type":"Organization","@id":"https:\/\/fincaduernas.com\/#organization","name":"Finca Duernas","url":"https:\/\/fincaduernas.com\/","logo":{"@type":"ImageObject","inLanguage":"en-GB","@id":"https:\/\/fincaduernas.com\/#\/schema\/logo\/image\/","url":"https:\/\/fincaduernas.com\/wp-content\/uploads\/2022\/09\/finca-duernas-logo.svg","contentUrl":"https:\/\/fincaduernas.com\/wp-content\/uploads\/2022\/09\/finca-duernas-logo.svg","width":123,"height":31,"caption":"Finca Duernas"},"image":{"@id":"https:\/\/fincaduernas.com\/#\/schema\/logo\/image\/"}},{"@type":"Person","@id":"https:\/\/fincaduernas.com\/#\/schema\/person\/119d79ab7689fe4da813a809bbe2ae6f","name":"Duernas","image":{"@type":"ImageObject","inLanguage":"en-GB","@id":"https:\/\/fincaduernas.com\/#\/schema\/person\/image\/","url":"https:\/\/secure.gravatar.com\/avatar\/f59e1f2288b2a09ab631c8a9809f75d3a2251d80d4212d92be6213f63bc58200?s=96&d=mm&r=g","contentUrl":"https:\/\/secure.gravatar.com\/avatar\/f59e1f2288b2a09ab631c8a9809f75d3a2251d80d4212d92be6213f63bc58200?s=96&d=mm&r=g","caption":"Duernas"},"sameAs":["https:\/\/fincaduernas.com"],"url":"https:\/\/fincaduernas.com\/en\/author\/duernas"}]}},"_links":{"self":[{"href":"https:\/\/fincaduernas.com\/en\/wp-json\/wp\/v2\/posts\/1946","targetHints":{"allow":["GET"]}}],"collection":[{"href":"https:\/\/fincaduernas.com\/en\/wp-json\/wp\/v2\/posts"}],"about":[{"href":"https:\/\/fincaduernas.com\/en\/wp-json\/wp\/v2\/types\/post"}],"author":[{"embeddable":true,"href":"https:\/\/fincaduernas.com\/en\/wp-json\/wp\/v2\/users\/1"}],"replies":[{"embeddable":true,"href":"https:\/\/fincaduernas.com\/en\/wp-json\/wp\/v2\/comments?post=1946"}],"version-history":[{"count":1,"href":"https:\/\/fincaduernas.com\/en\/wp-json\/wp\/v2\/posts\/1946\/revisions"}],"predecessor-version":[{"id":3475,"href":"https:\/\/fincaduernas.com\/en\/wp-json\/wp\/v2\/posts\/1946\/revisions\/3475"}],"wp:featuredmedia":[{"embeddable":true,"href":"https:\/\/fincaduernas.com\/en\/wp-json\/wp\/v2\/media\/1947"}],"wp:attachment":[{"href":"https:\/\/fincaduernas.com\/en\/wp-json\/wp\/v2\/media?parent=1946"}],"wp:term":[{"taxonomy":"category","embeddable":true,"href":"https:\/\/fincaduernas.com\/en\/wp-json\/wp\/v2\/categories?post=1946"},{"taxonomy":"post_tag","embeddable":true,"href":"https:\/\/fincaduernas.com\/en\/wp-json\/wp\/v2\/tags?post=1946"}],"curies":[{"name":"wp","href":"https:\/\/api.w.org\/{rel}","templated":true}]}}